{"id":10,"date":"2021-11-14T23:23:00","date_gmt":"2021-11-14T22:23:00","guid":{"rendered":""},"modified":"2023-01-17T18:54:17","modified_gmt":"2023-01-17T17:54:17","slug":"sakira-ventura-laltra-meta-del-pentagramma","status":"publish","type":"post","link":"https:\/\/ragazzepotenti.reggiani.link\/?p=10","title":{"rendered":"SAKIRA VENTURA: L&#8217;ALTRA META&#8217; DEL PENTAGRAMMA"},"content":{"rendered":"<p>&nbsp;<\/p>\n<div style=\"clear: both; text-align: center;\"><a href=\"https:\/\/blogger.googleusercontent.com\/img\/a\/AVvXsEji_-0NPFPLmXlkr3ZZUxfywF8ka7rR-l-dIQbnlViYiFhelnIhfxO5F7svHpwiZ_FQPZ1mQVGQ5ZSlOnb6sQt8PJl5SukMi2eUfzL2Pqn21KMmKyCAaVQJwUChQh2JphoM-jQMZKAANEttfskxSUFjSj2nqYshHN5C-EaoL6WSnq8z6uVtAjPY4vLW=s1200\" style=\"margin-left: 1em; margin-right: 1em;\"><img loading=\"lazy\" decoding=\"async\" alt=\"Sakira Ventura - svmusicology.com\" border=\"0\" data-original-height=\"630\" data-original-width=\"1200\" height=\"336\" src=\"https:\/\/blogger.googleusercontent.com\/img\/a\/AVvXsEji_-0NPFPLmXlkr3ZZUxfywF8ka7rR-l-dIQbnlViYiFhelnIhfxO5F7svHpwiZ_FQPZ1mQVGQ5ZSlOnb6sQt8PJl5SukMi2eUfzL2Pqn21KMmKyCAaVQJwUChQh2JphoM-jQMZKAANEttfskxSUFjSj2nqYshHN5C-EaoL6WSnq8z6uVtAjPY4vLW=w640-h336\" title=\"Sakira Ventura - svmusicology.com\" width=\"640\" \/><\/a><\/div>\n<\/p>\n<div style=\"clear: both; text-align: center;\"><a href=\"https:\/\/blogger.googleusercontent.com\/img\/a\/AVvXsEhgePsHUqGlwCx3K9QPXXEyc-7sTBN9Vw_F0SZpzuZI9wRsrIBERMBuSSwZUxSJsy_xN-lb9ZrZQsl_ag2jDnCC6JUrYfvkarS5Mp_23HaMldarIsEJqkHTNOkLzdJan1H-EiPII_SEutOweaIo1Biq1eJwmQKi4KK3UbHUlQinsMxE5LDMiuZZX_0z=s102\" style=\"clear: right; float: right; margin-bottom: 1em; margin-left: 1em;\"><img loading=\"lazy\" decoding=\"async\" border=\"0\" data-original-height=\"31\" data-original-width=\"102\" height=\"31\" src=\"https:\/\/blogger.googleusercontent.com\/img\/a\/AVvXsEhgePsHUqGlwCx3K9QPXXEyc-7sTBN9Vw_F0SZpzuZI9wRsrIBERMBuSSwZUxSJsy_xN-lb9ZrZQsl_ag2jDnCC6JUrYfvkarS5Mp_23HaMldarIsEJqkHTNOkLzdJan1H-EiPII_SEutOweaIo1Biq1eJwmQKi4KK3UbHUlQinsMxE5LDMiuZZX_0z\" width=\"102\" \/><\/a><\/div>\n<p><\/p>\n<p><\/p>\n<p><b><u>Una musicologa spagnola ha creato una &#8220;Mappa delle Creatrici della Soria della Musica&#8221;, per mettere in risalto il lavoro delle compositrici dal IX al XXI secolo.<\/u><\/b><\/p>\n<p><b><u><br \/><\/u><\/b><\/p>\n<p style=\"text-align: justify;\">Sakira Ventura \u00e8 un&#8217;insegnante di flauto traverso e linguaggio musicale di Valencia che, durante il lockdown del 2020, ha creato una <a href=\"https:\/\/svmusicology.com\/mapa\" rel=\"nofollow noopener\" target=\"_blank\">mappa interattiva<\/a> che riporta su un planisfero i nomi, la biografia e un link ad una playlist di Spotify, parimenti da lei creata, di tutte le compositrici classiche delle quali ha trovato notizia, collocandole nei loro luoghi di nascita e ordinandole cronologicamente. Sono pi\u00f9 di 500 le autrici che popolano il planisfero di <a href=\"http:\/\/svmusicology.com\/\">svmusicology.com<\/a>, raccontando un aspetto della storia della musica sempre tradizionalmente trattato come secondario e spaziando dal IX secolo al 2005.<\/p>\n<p style=\"text-align: justify;\"><span><\/span><\/p>\n<p><a name='more'><\/a>Prendendo coscienza che ben poco della vita di queste donne le era stato insegnato durante i suoi studi, l&#8217;intento della professoressa Ventura \u00e8 stato quello di non perpetrare lo stesso errore nei confronti dei suoi allievi. Non \u00e8 stato un campo di ricerca facile: gli interessi degli studiosi contemporanei si sono rivolti a questo settore solo recentemente e le fonti storiche sono rare, non organizzate, non tradotte e di difficile e costosa reperibilit\u00e0.<\/p>\n<p style=\"text-align: justify;\">\n<div style=\"clear: both; text-align: center;\"><a href=\"https:\/\/blogger.googleusercontent.com\/img\/a\/AVvXsEggbXErm7uyimkUguwW-ix76C8tlku6L4aRIt9_Ig4bhwAkK-7qHN_U2h3y6hNuzC6TTH7GRnXrtPmZj4ai2_fcjtirqxmYIyupmc9d1cL7Gz5SGA4XyRuHlbFrGebOosOsfnrlVNwkIVzTxiPLuuHwWBn4MaLuxJaewPzMqiTTIwFOp_LKCzzp5-rZ=s1920\" rel=\"nofollow noopener\" style=\"clear: right; float: right; margin-bottom: 1em; margin-left: 1em;\" target=\"_blank\"><img loading=\"lazy\" decoding=\"async\" alt=\"La mappa delle compositrici in Europa\" border=\"0\" data-original-height=\"1080\" data-original-width=\"1920\" height=\"225\" src=\"https:\/\/blogger.googleusercontent.com\/img\/a\/AVvXsEggbXErm7uyimkUguwW-ix76C8tlku6L4aRIt9_Ig4bhwAkK-7qHN_U2h3y6hNuzC6TTH7GRnXrtPmZj4ai2_fcjtirqxmYIyupmc9d1cL7Gz5SGA4XyRuHlbFrGebOosOsfnrlVNwkIVzTxiPLuuHwWBn4MaLuxJaewPzMqiTTIwFOp_LKCzzp5-rZ=w400-h225\" title=\"Mappa compositrici Europa\" width=\"400\" \/><\/a><\/div>\n<p>Ovviamente, \u00e8 l&#8217;Europa ad offrire il maggior numero di protagoniste, in funzione del fatto che \u00e8 nel vecchio continente che \u00e8 nata e si \u00e8 principalmente evoluta la musica classica. Tuttavia, sono dovuti passare molti secoli prima che alcune compositrici riuscissero a fare del proprio talento una professione ed \u00e8 solo nel secolo scorso che a tutti gli effetti \u00e8 stato apertamente loro riconosciuto il diritto di studiare al fianco degli uomini nei conservatori. Prima di allora lo studio della musica poteva avere il mero fine di rappresentare un passatempo per le donne e non di certo una carriera.<\/p>\n<p style=\"text-align: justify;\">\n<div style=\"clear: both; text-align: center;\"><a href=\"https:\/\/blogger.googleusercontent.com\/img\/a\/AVvXsEgczfSwzsRNQb0Fei5o2Ff9AXn63ish_AzWw4yqmu-Lgjxrjyogc-IXan8wDWbe2TREB0EyN56rXvi5JUQiO-BTKebiZToAmrJuOOHjjR8fjva2TOq9r5_34kCxDNY-F400W5xj-GHoY_lQdtYIWlhV4a_xxkJJMvOae8I7ilYN-SgLu1f8h1KGZk7a=s1059\" style=\"clear: left; float: left; margin-bottom: 1em; margin-right: 1em;\"><img loading=\"lazy\" decoding=\"async\" alt=\"Maria Anna Mozart, ritratto di P.A.Lorenzoni\" border=\"0\" data-original-height=\"1059\" data-original-width=\"800\" height=\"320\" src=\"https:\/\/blogger.googleusercontent.com\/img\/a\/AVvXsEgczfSwzsRNQb0Fei5o2Ff9AXn63ish_AzWw4yqmu-Lgjxrjyogc-IXan8wDWbe2TREB0EyN56rXvi5JUQiO-BTKebiZToAmrJuOOHjjR8fjva2TOq9r5_34kCxDNY-F400W5xj-GHoY_lQdtYIWlhV4a_xxkJJMvOae8I7ilYN-SgLu1f8h1KGZk7a=w242-h320\" title=\"Maria Anna Mozart, ritratto di P.A.Lorenzoni\" width=\"242\" \/><\/a><\/div>\n<p>L&#8217;esempio pi\u00f9 noto \u00e8 per tutti forse quello di <a href=\"https:\/\/it.wikipedia.org\/wiki\/Maria_Anna_Mozart\" rel=\"nofollow noopener\" target=\"_blank\">Maria&nbsp;Anna Mozart<\/a>, che se da adolescente girava con il fratello l&#8217;Europa portando le proprie interpretazioni, ma il cui talento a diciotto anni fu sacrificato in favore di un matrimonio e del finanziamento degli studi del fratello. Ma la sua \u00e8, evidentemente, solo una delle innumerevoli storie di talenti femminili trascurati da una societ\u00e0 patriarcale tradizionalista e restia al cambiamento.<\/p>\n<p style=\"text-align: justify;\">Erano tutte quindi ragazzepotenti, ma ce n&#8217;\u00e8 voluta una in pi\u00f9, come Sakira Ventura, per riportarle alla luce.&nbsp;<\/p>\n<p><\/p>\n<p style=\"text-align: justify;\">Per saperne di pi\u00f9:<\/p>\n<\/p>\n<ul style=\"text-align: left;\">\n<li style=\"text-align: justify;\">su &#8220;The Other Mozart&#8221;, un articolo su un&#8217;opera dedicata ad Anna Maria Mozart&nbsp;<a href=\"https:\/\/www.huffingtonpost.it\/2015\/10\/31\/maria-anna-mozart_n_8441048.html\">https:\/\/www.huffingtonpost.it\/2015\/10\/31\/maria-anna-mozart_n_8441048.html<\/a><\/li>\n<li style=\"text-align: justify;\">un articolo su dieci donne compositrici&nbsp;<a href=\"https:\/\/www.trinitycollege.it\/notizie\/le-donne-compositrici-che-hanno-cambiato-la-storia\/\">https:\/\/www.trinitycollege.it\/notizie\/le-donne-compositrici-che-hanno-cambiato-la-storia\/<\/a><\/li>\n<li style=\"text-align: justify;\">e ancora sui talenti negletti delle donne musiciste nella storia&nbsp;<a href=\"https:\/\/www.musicologica.it\/loblio-delle-compositrici-la-donna-nella-storia-della-musica\/\">https:\/\/www.musicologica.it\/loblio-delle-compositrici-la-donna-nella-storia-della-musica\/<\/a><\/li>\n<\/ul>\n<p style=\"text-align: justify;\"><\/p>\n<p><\/p>\n<p><\/p>\n<p><\/p>\n<p><\/p>\n<p><\/p>\n<p><\/p>\n<p><\/p>\n<p><\/p>\n<p><\/p>\n<p><\/p>\n","protected":false},"excerpt":{"rendered":"<p>&nbsp; Una musicologa spagnola ha creato una &#8220;Mappa delle Creatrici della Soria della Musica&#8221;, per mettere in risalto il lavoro delle compositrici dal IX al XXI secolo. Sakira Ventura \u00e8 un&#8217;insegnante di flauto traverso e linguaggio musicale di Valencia che, durante il lockdown del 2020, ha creato una mappa interattiva che riporta su un planisfero [&hellip;]<\/p>\n","protected":false},"author":1,"featured_media":0,"comment_status":"open","ping_status":"open","sticky":false,"template":"","format":"standard","meta":{"footnotes":""},"categories":[1],"tags":[],"class_list":["post-10","post","type-post","status-publish","format-standard","hentry","category-senza-categoria"],"_links":{"self":[{"href":"https:\/\/ragazzepotenti.reggiani.link\/index.php?rest_route=\/wp\/v2\/posts\/10","targetHints":{"allow":["GET"]}}],"collection":[{"href":"https:\/\/ragazzepotenti.reggiani.link\/index.php?rest_route=\/wp\/v2\/posts"}],"about":[{"href":"https:\/\/ragazzepotenti.reggiani.link\/index.php?rest_route=\/wp\/v2\/types\/post"}],"author":[{"embeddable":true,"href":"https:\/\/ragazzepotenti.reggiani.link\/index.php?rest_route=\/wp\/v2\/users\/1"}],"replies":[{"embeddable":true,"href":"https:\/\/ragazzepotenti.reggiani.link\/index.php?rest_route=%2Fwp%2Fv2%2Fcomments&post=10"}],"version-history":[{"count":1,"href":"https:\/\/ragazzepotenti.reggiani.link\/index.php?rest_route=\/wp\/v2\/posts\/10\/revisions"}],"predecessor-version":[{"id":44,"href":"https:\/\/ragazzepotenti.reggiani.link\/index.php?rest_route=\/wp\/v2\/posts\/10\/revisions\/44"}],"wp:attachment":[{"href":"https:\/\/ragazzepotenti.reggiani.link\/index.php?rest_route=%2Fwp%2Fv2%2Fmedia&parent=10"}],"wp:term":[{"taxonomy":"category","embeddable":true,"href":"https:\/\/ragazzepotenti.reggiani.link\/index.php?rest_route=%2Fwp%2Fv2%2Fcategories&post=10"},{"taxonomy":"post_tag","embeddable":true,"href":"https:\/\/ragazzepotenti.reggiani.link\/index.php?rest_route=%2Fwp%2Fv2%2Ftags&post=10"}],"curies":[{"name":"wp","href":"https:\/\/api.w.org\/{rel}","templated":true}]}}