{"id":12,"date":"2021-08-27T14:52:00","date_gmt":"2021-08-27T12:52:00","guid":{"rendered":""},"modified":"2023-01-17T18:54:24","modified_gmt":"2023-01-17T17:54:24","slug":"josephine-baker-un-po-venere-un-po-atena-riposera-tra-i-divini-di-francia","status":"publish","type":"post","link":"https:\/\/ragazzepotenti.reggiani.link\/?p=12","title":{"rendered":"JOSEPHINE BAKER, UN PO&#8217; VENERE UN PO&#8217; ATENA, RIPOSERA&#8217; TRA I DIVINI DI FRANCIA"},"content":{"rendered":"<p style=\"text-align: justify;\">\n<div style=\"clear: both; text-align: center;\"><a href=\"https:\/\/ragazzepotenti.reggiani.link\/wp-content\/uploads\/2021\/08\/Bazaart_20210827_030124.png\" style=\"margin-left: 1em; margin-right: 1em;\"><img loading=\"lazy\" decoding=\"async\" border=\"0\" data-original-height=\"1072\" data-original-width=\"2048\" height=\"210\" src=\"https:\/\/ragazzepotenti.reggiani.link\/wp-content\/uploads\/2021\/08\/Bazaart_20210827_030124-300x157.png\" width=\"400\" \/><\/a><\/div>\n<div style=\"clear: both; text-align: center;\">\n<div style=\"clear: both; text-align: center;\"><a href=\"https:\/\/ragazzepotenti.reggiani.link\/wp-content\/uploads\/2021\/08\/RP-2Bdi-2Bieri-2Britagliato.png\" style=\"margin-left: 1em; margin-right: 1em;\"><img loading=\"lazy\" decoding=\"async\" border=\"0\" data-original-height=\"28\" data-original-width=\"87\" height=\"28\" src=\"https:\/\/ragazzepotenti.reggiani.link\/wp-content\/uploads\/2021\/08\/RP-2Bdi-2Bieri-2Britagliato.png\" width=\"87\" \/><\/a><\/div>\n<p><\/div>\n<div style=\"clear: both; text-align: center;\"><u><\/u><u><b>JOSEPHINE BAKER<\/b>: dal palcoscenico al fronte<\/u><\/div>\n<p><\/p>\n<div style=\"text-align: justify;\">La prima immagine che a molti evoca il nome di Josephine Baker \u00e8 quella della ballerina degli anni &#8217;20<\/div>\n<div style=\"clear: both; text-align: center;\"><a href=\"https:\/\/ragazzepotenti.reggiani.link\/wp-content\/uploads\/2021\/08\/Baker_Banana.jpg\" style=\"clear: right; float: right; margin-bottom: 1em; margin-left: 1em; text-align: justify;\"><img loading=\"lazy\" decoding=\"async\" alt=\"Josephine Baker con il costume di banane\" border=\"0\" data-original-height=\"1548\" data-original-width=\"981\" height=\"319\" src=\"https:\/\/ragazzepotenti.reggiani.link\/wp-content\/uploads\/2021\/08\/Baker_Banana-190x300.jpg\" title=\"Josephine Baker con il costume di banane\" width=\"203\" \/><\/a><\/div>\n<div style=\"text-align: justify;\">che nei teatri parigini, dagli <a href=\"https:\/\/it.wikipedia.org\/wiki\/Th%C3%A9%C3%A2tre_des_Champs-%C3%89lys%C3%A9es\" rel=\"nofollow\">Champs Elys\u00e9es<\/a> alle <a href=\"https:\/\/it.wikipedia.org\/wiki\/Folies_Berg%C3%A8re\" rel=\"nofollow\">Folies Berg\u00e8re<\/a>, agitava un gonnellino fatto di sedici banane. Ma la rocambolesca vita di questa artista, che fu anche eroina della Resistenza francese decorata con la <a href=\"https:\/\/it.wikipedia.org\/wiki\/Legion_d%27onore\" rel=\"nofollow\">Legion d&#8217;Onore<\/a> da <a href=\"https:\/\/it.wikipedia.org\/wiki\/Charles_de_Gaulle\" rel=\"nofollow\">Charles De Gaulle<\/a>, avr\u00e0 un epilogo postumo con la cerimonia che il 30 novembre la vedr\u00e0 inumata, sesta donna e la prima di colore, tra i grandi della storia francese al Panth\u00e9on di Parigi.<\/div>\n<\/p>\n<p><span><a name='more'><\/a><\/span><\/p>\n<p style=\"text-align: justify;\">Josephine Baker nasce a St.Louis nel 1906, abbandona la famiglia tredicenne per debuttare a Broadway tre anni dopo. A met\u00e0 degli anni &#8217;20 arriva a Parigi, citt\u00e0 che letteralmente impazzisce di fronte alla sua bravura, bellezza e disinibizione. Secondo <a href=\"https:\/\/en.wikipedia.org\/wiki\/Cath%C3%A9rine_Hug\" rel=\"nofollow\">Cath\u00e9rine Hug<\/a>, curatrice della mostra &#8220;The Roaring Twenties&#8221; (I Ruggenti Anni &#8217;20), aperta al Guggenheim Bilbao fino al 19 settembre, la Baker era molto consapevole del suo corpo e seppe prendersi gioco degli sguardi degli uomini e dei clich\u00e9 dei quali era stata vittima.<\/p>\n<p style=\"text-align: justify;\">Sincera, professionale e mai caricaturale, conquist\u00f2 il cuore di migliaia di uomini che la chiesero in moglie. Si spos\u00f2 prima con il suo impresario, di origine siciliana, la seconda con un industriale dal quale ottenne la cittadinanza.<\/p>\n<p style=\"text-align: justify;\">\n<div style=\"clear: both; text-align: center;\"><a href=\"https:\/\/ragazzepotenti.reggiani.link\/wp-content\/uploads\/2021\/08\/Josephine-Baker-resistance.jpg\" style=\"clear: left; float: left; margin-bottom: 1em; margin-right: 1em;\"><img loading=\"lazy\" decoding=\"async\" alt=\"Josephine Baker decorata da De Gaulle\" border=\"0\" data-original-height=\"409\" data-original-width=\"594\" height=\"220\" src=\"https:\/\/ragazzepotenti.reggiani.link\/wp-content\/uploads\/2021\/08\/Josephine-Baker-resistance-300x207.jpg\" title=\"Josephine Baker decorata da De Gaulle\" width=\"320\" \/><\/a><\/div>\n<p>Con lo scoppio della Seconda Guerra Mondiale inizia anche la seconda parte della vita della Baker: fu agente segreto e attivista per la Croce Rossa in Francia e nell&#8217;Africa Settentrionale; con l&#8217;<a href=\"https:\/\/it.wikipedia.org\/wiki\/Arm%C3%A9e_de_l%27air\" rel=\"nofollow\">Arm\u00e9e de l&#8217;Air<\/a> sbarc\u00f2 a Marsiglia tra le fila della Resistenza e alla fine del conflitto, con il grado di capitano, ricevette la medaglia della Legion d&#8217;Onore dalle mani di De Gaulle.<\/p>\n<p style=\"text-align: justify;\">Nel dopoguerra spos\u00f2 il direttore d&#8217;orchestra <a href=\"https:\/\/en.wikipedia.org\/wiki\/Jo_Bouillon\" rel=\"nofollow\">Jo Bouillon<\/a> con il quale adott\u00f2 dodici bambini di nazionalit\u00e0 diverse. Fu sempre attiva nella difesa dei diritti civili, facendosi portavoce, ad esempio, dell&#8217;orrore suscitato dalla morte del piccolo <a href=\"https:\/\/it.wikipedia.org\/wiki\/Emmett_Till\" rel=\"nofollow\">Emmet Till<\/a> nel suo paese di origine e partecipando alla marcia su Washigton con Martin Luther King Jr. nel 1963, unica oratrice donna.<\/p>\n<p style=\"text-align: justify;\">\n<div style=\"clear: both; text-align: center;\"><a href=\"https:\/\/ragazzepotenti.reggiani.link\/wp-content\/uploads\/2021\/08\/Josephine-Baker-milandes.jpg\" style=\"margin-left: 1em; margin-right: 1em;\"><img loading=\"lazy\" decoding=\"async\" alt=\"Baker con la sua trib\u00f9 Arcobaleno a Milande\" border=\"0\" data-original-height=\"244\" data-original-width=\"435\" height=\"179\" src=\"https:\/\/ragazzepotenti.reggiani.link\/wp-content\/uploads\/2021\/08\/Josephine-Baker-milandes-300x168.jpg\" title=\"Baker con la sua trib\u00f9 Arcobaleno a Milande\" width=\"320\" \/><\/a><\/div>\n<p>Fu la Principessa Grace di Monaco a darle la possibilit\u00e0 di riprendersi dai problemi finanziari dovuti<br \/> alle spese per il mantenimento della sua &#8220;trib\u00f9 arcobaleno&#8221; nel castello di Milandes, dandole la possibilit\u00e0 di esibirsi per la Croce Rossa nel Principato. Proprio a Monaco fu sepolta dopo la morte, avvenuta a Parigi nel 1975 per emorragia cerebrale.<\/p>\n<p style=\"text-align: justify;\">Il suo coraggio e la sua perseveranza, che le hanno permesso di essere al tempo stesso Venere ballerina e Atena combattente, riceveranno tra qualche mese il dovuto riconoscimento quando la sua salma verr\u00e0 portata a riposare con gli altri divini di Francia, da Voltaire a Marie Curie a Victor Hugo, sotto il tetto del <a href=\"https:\/\/it.wikipedia.org\/wiki\/Pantheon_(Parigi)\" rel=\"nofollow\">Panth\u00e9on<\/a>.<\/p>\n<p style=\"text-align: justify;\">Per saperne di pi\u00f9:<\/p>\n<p style=\"text-align: justify;\">\n<ul>\n<li>sulla sua biografia:&nbsp;<a href=\"https:\/\/it.m.wikipedia.org\/wiki\/Jos%C3%A9phine_Baker\" rel=\"nofollow\">https:\/\/it.m.wikipedia.org\/wiki\/Jos%C3%A9phine_Baker<\/a><\/li>\n<li>la notizia in francese:&nbsp;<a href=\"https:\/\/jnews-france.fr\/josephine-baker-au-pantheon-a-paris-qui-sont-les-cinq-femmes-qui-lont-precedee\/#:~:text=Jos%C3%A9phine%20Baker%20fera%20son%20entr%C3%A9e%20au%20Panth%C3%A9on%20le,dans%20la%20n%C3%A9cropole%20du%205%C3%A8me%20arrondissement%20de%20Paris.\" rel=\"nofollow\">https:\/\/jnews-france.fr\/josephine-baker-au-pantheon-a-paris-qui-sont-les-cinq-femmes-qui-lont-precedee\/#:~:text=Jos%C3%A9phine%20Baker%20fera%20son%20entr%C3%A9e%20au%20Panth%C3%A9on%20le,dans%20la%20n%C3%A9cropole%20du%205%C3%A8me%20arrondissement%20de%20Paris.<\/a><\/li>\n<li>sulla mostra sugli anni &#8217;20 a Bilbao&nbsp;<a href=\"https:\/\/www.bbc.com\/culture\/article\/20210810-roaring-twenties-are-we-entering-a-new-age-of-hedonism\" rel=\"nofollow\">https:\/\/www.bbc.com\/culture\/article\/20210810-roaring-twenties-are-we-entering-a-new-age-of-hedonism<\/a><\/li>\n<li>un video con la sua canzone pi\u00f9 famosa, J&#8217;ai deux Amours&nbsp;<a href=\"https:\/\/youtu.be\/gRfrUdsL4Pk\" rel=\"nofollow\">https:\/\/youtu.be\/gRfrUdsL4Pk<\/a><\/li>\n<\/ul>\n<p style=\"text-align: justify;\"><\/p>\n<p style=\"text-align: justify;\"><\/p>\n<p style=\"text-align: justify;\"><\/p>\n<p style=\"text-align: justify;\"><\/p>\n<p style=\"text-align: justify;\"><\/p>\n<p style=\"text-align: justify;\"><\/p>\n<p style=\"text-align: justify;\"><\/p>\n<p style=\"text-align: justify;\"><\/p>\n<p style=\"text-align: justify;\"><\/p>\n","protected":false},"excerpt":{"rendered":"<p>JOSEPHINE BAKER: dal palcoscenico al fronte La prima immagine che a molti evoca il nome di Josephine Baker \u00e8 quella della ballerina degli anni &#8217;20 che nei teatri parigini, dagli Champs Elys\u00e9es alle Folies Berg\u00e8re, agitava un gonnellino fatto di sedici banane. Ma la rocambolesca vita di questa artista, che fu anche eroina della Resistenza [&hellip;]<\/p>\n","protected":false},"author":1,"featured_media":46,"comment_status":"open","ping_status":"open","sticky":false,"template":"","format":"standard","meta":{"footnotes":""},"categories":[1],"tags":[],"class_list":["post-12","post","type-post","status-publish","format-standard","has-post-thumbnail","hentry","category-senza-categoria"],"_links":{"self":[{"href":"https:\/\/ragazzepotenti.reggiani.link\/index.php?rest_route=\/wp\/v2\/posts\/12","targetHints":{"allow":["GET"]}}],"collection":[{"href":"https:\/\/ragazzepotenti.reggiani.link\/index.php?rest_route=\/wp\/v2\/posts"}],"about":[{"href":"https:\/\/ragazzepotenti.reggiani.link\/index.php?rest_route=\/wp\/v2\/types\/post"}],"author":[{"embeddable":true,"href":"https:\/\/ragazzepotenti.reggiani.link\/index.php?rest_route=\/wp\/v2\/users\/1"}],"replies":[{"embeddable":true,"href":"https:\/\/ragazzepotenti.reggiani.link\/index.php?rest_route=%2Fwp%2Fv2%2Fcomments&post=12"}],"version-history":[{"count":1,"href":"https:\/\/ragazzepotenti.reggiani.link\/index.php?rest_route=\/wp\/v2\/posts\/12\/revisions"}],"predecessor-version":[{"id":51,"href":"https:\/\/ragazzepotenti.reggiani.link\/index.php?rest_route=\/wp\/v2\/posts\/12\/revisions\/51"}],"wp:featuredmedia":[{"embeddable":true,"href":"https:\/\/ragazzepotenti.reggiani.link\/index.php?rest_route=\/wp\/v2\/media\/46"}],"wp:attachment":[{"href":"https:\/\/ragazzepotenti.reggiani.link\/index.php?rest_route=%2Fwp%2Fv2%2Fmedia&parent=12"}],"wp:term":[{"taxonomy":"category","embeddable":true,"href":"https:\/\/ragazzepotenti.reggiani.link\/index.php?rest_route=%2Fwp%2Fv2%2Fcategories&post=12"},{"taxonomy":"post_tag","embeddable":true,"href":"https:\/\/ragazzepotenti.reggiani.link\/index.php?rest_route=%2Fwp%2Fv2%2Ftags&post=12"}],"curies":[{"name":"wp","href":"https:\/\/api.w.org\/{rel}","templated":true}]}}