{"id":19,"date":"2021-06-29T05:44:00","date_gmt":"2021-06-29T03:44:00","guid":{"rendered":""},"modified":"2023-01-17T18:54:44","modified_gmt":"2023-01-17T17:54:44","slug":"maestro-di-quaranta-uomini","status":"publish","type":"post","link":"https:\/\/ragazzepotenti.reggiani.link\/?p=19","title":{"rendered":"MAESTRO DI QUARANTA UOMINI"},"content":{"rendered":"<\/p>\n<div style=\"clear: both; text-align: center;\">\n<div style=\"clear: both; text-align: center;\"><\/div>\n<div style=\"clear: both; text-align: center;\"><a href=\"https:\/\/ragazzepotenti.reggiani.link\/wp-content\/uploads\/2021\/06\/Bazaart_20210701_122454.jpeg\" style=\"margin-left: 1em; margin-right: 1em;\"><img loading=\"lazy\" decoding=\"async\" alt=\"Fabiana Noro\" border=\"0\" data-original-height=\"1072\" data-original-width=\"2048\" height=\"168\" src=\"https:\/\/ragazzepotenti.reggiani.link\/wp-content\/uploads\/2021\/06\/Bazaart_20210701_122454-300x157.jpeg\" title=\"Fabiana Noro\" width=\"320\" \/><\/a><\/div>\n<p><\/p>\n<div style=\"clear: both; text-align: center;\"><a href=\"https:\/\/ragazzepotenti.reggiani.link\/wp-content\/uploads\/2021\/06\/RP-2Bdi-2Boggi-2Britagliato.png\" style=\"margin-left: 1em; margin-right: 1em;\"><img decoding=\"async\" alt=\"Ragazzepotenti di oggi\" border=\"0\" data-original-height=\"31\" data-original-width=\"102\" src=\"https:\/\/ragazzepotenti.reggiani.link\/wp-content\/uploads\/2021\/06\/RP-2Bdi-2Boggi-2Britagliato.png\" title=\"Ragazzepotenti di oggi\" \/><\/a><\/div>\n<\/div>\n<p><u><b>Fabiana Noro<\/b>, direttore de &#8220;Il Polifonico&#8221;.<\/u><\/p>\n<p style=\"text-align: justify; text-justify: inter-ideograph;\">Il <a href=\"https:\/\/ilpolifonico.it\/\" target=\"_blank\" rel=\"noopener\">Coro Polifonico di Ruda<\/a> \u00e8 uno degli ensemble maschili pi\u00f9 famosi al mondo: con i suoi 30 premi nazionali e internazionali, dei quali 28 primi posti, \u00e8 tra i cori maschili pi\u00f9 premiati in assoluto. <a href=\"https:\/\/www.italiacori.it\/direttori\/fabiana-noro\" target=\"_blank\" rel=\"noopener\">Fabiana Noro<\/a> \u00e8 il maestro che lo dirige dal 2003 e che lo ha portato a questi livelli.<o:p><\/o:p><\/p>\n<p style=\"text-align: justify; text-justify: inter-ideograph;\">Quando si presenta sul palcoscenico, parandosi davanti ai suoi coristi, la percezione della sua autorevolezza \u00e8 immediata e duplice: la sicurezza guadagnata con un lungo, solido e brillante curriculum professionale trova rispondenza nel controllo preciso e studiato dei movimenti, dote degli studi di danza classica. La sua presenza sul proscenio, con una figura elegante e la chioma biondo platino, cattura lo sguardo.<o:p><\/o:p><\/p>\n<p style=\"text-align: justify; text-justify: inter-ideograph;\">\n<div style=\"clear: both; text-align: center;\"><a href=\"https:\/\/ragazzepotenti.reggiani.link\/wp-content\/uploads\/2021\/06\/Posa-2BRiccardo-2BLavia.jpg\" style=\"clear: right; float: right; margin-bottom: 1em; margin-left: 1em;\"><img loading=\"lazy\" decoding=\"async\" alt=\"Fabiana Noro dirige\" border=\"0\" data-original-height=\"960\" data-original-width=\"640\" height=\"400\" src=\"https:\/\/ragazzepotenti.reggiani.link\/wp-content\/uploads\/2021\/06\/Posa-2BRiccardo-2BLavia-200x300.jpg\" title=\"Fabiana Noro dirige\" width=\"266\" \/><\/a><\/div>\n<p>Fabiana \u00e8 nata in Svizzera, parla fluentemente francese, si \u00e8 diplomata in pianoforte al conservatorio di Udine. Gli studi e le esperienze professionali al suo attivo sono innumerevoli: composizione, direzione corale, concerti, l\u2019incarico presso l\u2019Ente Lirico di Cagliari, le produzioni lirico-sinfoniche e le collaborazioni con nomi illustri della lirica italiana e internazionale (Gaiotto, Ricciarelli, Kabaivanska\u2026), i concerti con i <a href=\"https:\/\/it-it.facebook.com\/PianoTwelve\" rel=\"nofollow\">Piano Twelve<\/a>. Da quando, ormai diciotto anni fa, ha assunto la direzione del Polifonico, lo ha portato ad esibirsi in tutto il mondo: alle innumerevoli apparizioni europee si affiancano quelle negli Stati Uniti, Argentina, Canada, Mongolia, Filippine, Cina e Russia. La lista dei <a href=\"https:\/\/www.rainews.it\/tgr\/fvg\/articoli\/2021\/05\/fvg-coro-polifonico-di-Ruda-secondo-a-Cork-4b2846c7-c49f-4fd6-b8a7-fa2ac83122ad.html\" rel=\"nofollow\">premi vinti<\/a>, come ho detto, \u00e8 lunghissima.<o:p><\/o:p><\/p>\n<p style=\"text-align: justify; text-justify: inter-ideograph;\">Alla sua figura si \u00e8 ispirato il regista Renzo Carbonera per la trama di <a href=\"https:\/\/www.mymovies.it\/film\/2018\/resina\/\" rel=\"nofollow\">Resina<\/a>, film del 2018. Pur in una differente ambientazione, la protagonista entra in una piccola realt\u00e0 corale montana divenendone l\u2019anima, il motore, il collante che ne tiene insieme i componenti, proprio come resina. La colonna sonora, curata dal Coro di Ruda, \u00e8 stata nominata per i Globi d\u2019Oro, i premi cinematografici assegnati dai giornalisti della stampa estera accreditati in Italia, nel 2019.<o:p><\/o:p><\/p>\n<p style=\"text-align: justify; text-justify: inter-ideograph;\">\n<div style=\"clear: both; text-align: center;\"><a href=\"https:\/\/ragazzepotenti.reggiani.link\/wp-content\/uploads\/2021\/06\/Malaga-2Bfoto-2BPierpaolo-2BGratton.jpg\" style=\"margin-left: 1em; margin-right: 1em;\"><img loading=\"lazy\" decoding=\"async\" alt=\"Il Polifonico a Malaga\" border=\"0\" data-original-height=\"331\" data-original-width=\"500\" height=\"424\" src=\"https:\/\/ragazzepotenti.reggiani.link\/wp-content\/uploads\/2021\/06\/Malaga-2Bfoto-2BPierpaolo-2BGratton-300x199.jpg\" title=\"Il Polifonico a Malaga\" width=\"640\" \/><\/a><\/div>\n<p style=\"text-align: justify; text-justify: inter-ideograph;\">Molti dei coristi non sono professionisti, alcuni non conoscono nemmeno la musica e rispetto ad altre realt\u00e0 hanno un\u2019et\u00e0 media piuttosto bassa; propongono un repertorio piuttosto vasto: dalla musica contemporanea, a quella sacra, al folklore. I risultati raggiunti sono il frutto della conduzione sapiente del loro maestro e di un intenso ritmo di prove, alle quali tutti partecipano con grande passionalit\u00e0. Le restrizioni imposte a questo genere di attivit\u00e0 nell\u2019ultimo anno hanno indubbiamente lasciato un segno, richiedendo ancor di pi\u00f9 alla capacit\u00e0 di generare coesione di Fabiana.<\/p>\n<p><o:p><\/o:p><\/p>\n<p style=\"text-align: justify; text-justify: inter-ideograph;\">La sua giornata \u00e8 frenetica, tra la scuola dove insegna educazione musicale, i cantanti e il coro, ma le ho rubato mezz\u2019ora al telefono per una chiacchierata e qualche domanda.<o:p><\/o:p><\/p>\n<p style=\"text-align: justify; text-justify: inter-ideograph;\">\n<div style=\"clear: left; float: left; margin-bottom: 1em; margin-right: 1em; text-align: center;\"><img loading=\"lazy\" decoding=\"async\" alt=\"Il Polifonico a Lignano Sabbiadoro\" border=\"0\" data-original-height=\"768\" data-original-width=\"1024\" height=\"240\" src=\"https:\/\/ragazzepotenti.reggiani.link\/wp-content\/uploads\/2021\/06\/Lignano-2Bfoto-2Bhector-2Bleka-300x225.jpeg\" title=\"Il Polifonico a Lignano Sabbiadoro\" width=\"320\" \/><\/div>\n<p><b>S<\/b>: In un periodo in cui si fa tanto parlare delle soft skills come di competenze essenziali per il successo degli ambienti lavorativi, qual \u00e8 stato, secondo te, l\u2019aspetto del tuo carattere che meglio ti ha aiutato ad importi autorevolmente su un gruppo eterogeneo di oltre quaranta uomini?<o:p><\/o:p><\/p>\n<p style=\"text-align: justify; text-justify: inter-ideograph;\"><b>F<\/b>: Ho sempre cercato di essere autorevole ma non autoritaria, rendendo il gruppo partecipe e consapevole che i grandi sforzi e sacrifici richiesti erano finalizzati a migliorare e ottenere grandi risultati. Serve capire quale tono e quali battute sono adatte a ciascun corista, quando si \u00e8 a capo di un gruppo grande non bisogna mai dimenticare il singolo, che se non viene valorizzato compromette il funzionamento dell\u2019insieme. La diversit\u00e0 va esaltata. Credo di aver saputo trovare il modo di alleggerire i momenti di maggior tensione con un tocco di umorismo anche quando le cose da far notare non sono poi cos\u00ec garbate e gentili.<o:p><\/o:p><\/p>\n<p style=\"text-align: justify; text-justify: inter-ideograph;\"><b>S<\/b>: Questo blog \u00e8 rivolto a donne, giovani e non, che stanno costruendo la loro strada professionale e che dovranno fare ancora moltissime scelte nel loro futuro: c\u2019\u00e8 un\u2019occasione che pensi di avere perso nel passato o un aspetto della tua preparazione che avresti voluto affrontare in modo diverso?<o:p><\/o:p><\/p>\n<p style=\"text-align: justify; text-justify: inter-ideograph;\"><b>F<\/b>: Sicuramente avrei voluto affrontare uno studio di direzione d\u2019orchestra oltre che di coro. Ne avrei avuto l\u2019occasione ma in contemporanea lavoravo al Teatro Lirico di Cagliari, col senno di poi forse avrei potuto studiare per entrambe le esperienze.<o:p><\/o:p><\/p>\n<p style=\"text-align: justify; text-justify: inter-ideograph;\"><b>S<\/b>: Quale consiglio daresti ad una ragazza che sogna una carriera in ambito musicale?<o:p><\/o:p><\/p>\n<p style=\"text-align: justify; text-justify: inter-ideograph;\"><b>F<\/b>: Non aspettare mai l\u2019occasione seguente, se la preparazione \u00e8 adeguata. In campo musicale non si bara, si pu\u00f2 fare forse una carriera effimera per un breve periodo ma lavorando con professionisti questi finiranno col capire se l\u2019artista che hanno di fronte \u00e8 credibile o meno. Prepararsi, e non pensare mai di sapere abbastanza. Ad esclusione dei grandissimi nomi, gli altri non verranno corteggiati continuamente: verr\u00e0 chiamato qualcun altro. Credo che le giovani ragazze debbano trovare il compromesso tra una preparazione inattaccabile, il saper stare in gruppo, la conoscenza delle lingue (io conosco il francese ma non l\u2019inglese e questo preclude molte strade) e la capacit\u00e0 di riconoscere le cose che contano, magari al seguito di artisti di fama, imparando da loro e divenendone eventualmente assistenti.<o:p><\/o:p><\/p>\n<p dir=\"ltr\" style=\"line-height: 1.295; margin-bottom: 8pt; margin-top: 0pt; text-align: justify;\">\n<p style=\"text-align: justify; text-justify: inter-ideograph;\">Un concerto del Polifonico, se ne avrete l\u2019occasione, sar\u00e0 una piacevole ed appagante esperienza, dove all\u2019emozione della musica si accompagner\u00e0 l\u2019incontro con la forza e l\u2019eleganza di questa appassionante ragazzapotente.<o:p><\/o:p><\/p>\n<\/p>\n<div style=\"line-height: 1.295; margin-bottom: 8pt; margin-top: 0pt; text-align: justify;\">Per saperne di pi\u00f9:<\/div>\n<div style=\"line-height: 1.295; margin-bottom: 8pt; margin-top: 0pt; text-align: justify;\">\n<ul>\n<li>un concerto nella basilica di Aquileia&nbsp;<a href=\"https:\/\/www.youtube.com\/watch?v=eGR8msUAU4o\" rel=\"nofollow\">https:\/\/www.youtube.com\/watch?v=eGR8msUAU4o<\/a><\/li>\n<li>un concerto con i Piano Twelve&nbsp;<a href=\"https:\/\/ilpolifonico.it\/media\/lignano-2019-we-are-the-champions\/\" rel=\"nofollow\">https:\/\/ilpolifonico.it\/media\/lignano-2019-we-are-the-champions\/<\/a><\/li>\n<li>un&#8217;intervista a Fabiana Noro per l&#8217;uscita di Resina&nbsp;<a href=\"https:\/\/www.youtube.com\/watch?v=YcSuoKGvQVY\" rel=\"nofollow\">https:\/\/www.youtube.com\/watch?v=YcSuoKGvQVY<\/a><\/li>\n<\/ul>\n<\/div>\n<p style=\"text-align: left;\">\n<p dir=\"ltr\" style=\"line-height: 1.295; margin-bottom: 8pt; margin-top: 0pt; text-align: justify;\"><span face=\"Calibri,sans-serif\" style=\"background-color: transparent; color: black; font-size: 11pt; font-style: normal; font-variant: normal; font-weight: 700; text-decoration: none; vertical-align: baseline; white-space: pre;\"><\/span><\/p><\/p>\n","protected":false},"excerpt":{"rendered":"<p>Fabiana Noro, direttore de &#8220;Il Polifonico&#8221;. Il Coro Polifonico di Ruda \u00e8 uno degli ensemble maschili pi\u00f9 famosi al mondo: con i suoi 30 premi nazionali e internazionali, dei quali 28 primi posti, \u00e8 tra i cori maschili pi\u00f9 premiati in assoluto. Fabiana Noro \u00e8 il maestro che lo dirige dal 2003 e che lo [&hellip;]<\/p>\n","protected":false},"author":1,"featured_media":82,"comment_status":"open","ping_status":"open","sticky":false,"template":"","format":"standard","meta":{"footnotes":""},"categories":[1],"tags":[],"class_list":["post-19","post","type-post","status-publish","format-standard","has-post-thumbnail","hentry","category-senza-categoria"],"_links":{"self":[{"href":"https:\/\/ragazzepotenti.reggiani.link\/index.php?rest_route=\/wp\/v2\/posts\/19","targetHints":{"allow":["GET"]}}],"collection":[{"href":"https:\/\/ragazzepotenti.reggiani.link\/index.php?rest_route=\/wp\/v2\/posts"}],"about":[{"href":"https:\/\/ragazzepotenti.reggiani.link\/index.php?rest_route=\/wp\/v2\/types\/post"}],"author":[{"embeddable":true,"href":"https:\/\/ragazzepotenti.reggiani.link\/index.php?rest_route=\/wp\/v2\/users\/1"}],"replies":[{"embeddable":true,"href":"https:\/\/ragazzepotenti.reggiani.link\/index.php?rest_route=%2Fwp%2Fv2%2Fcomments&post=19"}],"version-history":[{"count":1,"href":"https:\/\/ragazzepotenti.reggiani.link\/index.php?rest_route=\/wp\/v2\/posts\/19\/revisions"}],"predecessor-version":[{"id":87,"href":"https:\/\/ragazzepotenti.reggiani.link\/index.php?rest_route=\/wp\/v2\/posts\/19\/revisions\/87"}],"wp:featuredmedia":[{"embeddable":true,"href":"https:\/\/ragazzepotenti.reggiani.link\/index.php?rest_route=\/wp\/v2\/media\/82"}],"wp:attachment":[{"href":"https:\/\/ragazzepotenti.reggiani.link\/index.php?rest_route=%2Fwp%2Fv2%2Fmedia&parent=19"}],"wp:term":[{"taxonomy":"category","embeddable":true,"href":"https:\/\/ragazzepotenti.reggiani.link\/index.php?rest_route=%2Fwp%2Fv2%2Fcategories&post=19"},{"taxonomy":"post_tag","embeddable":true,"href":"https:\/\/ragazzepotenti.reggiani.link\/index.php?rest_route=%2Fwp%2Fv2%2Ftags&post=19"}],"curies":[{"name":"wp","href":"https:\/\/api.w.org\/{rel}","templated":true}]}}