{"id":7,"date":"2022-08-08T14:34:00","date_gmt":"2022-08-08T12:34:00","guid":{"rendered":""},"modified":"2023-01-17T18:54:04","modified_gmt":"2023-01-17T17:54:04","slug":"il-coraggio-di-accettare-se-stesse","status":"publish","type":"post","link":"https:\/\/ragazzepotenti.reggiani.link\/?p=7","title":{"rendered":"IL CORAGGIO DI ACCETTARE S\u00c9 STESSE"},"content":{"rendered":"<\/p>\n<div style=\"text-align: center;\"><a href=\"https:\/\/ragazzepotenti.reggiani.link\/wp-content\/uploads\/2022\/08\/La-20verita-20delle-20cose-20negate-20copertina.png\"><img loading=\"lazy\" decoding=\"async\" alt=\"La verita' delle cose negate - Ilaria Parlanti\" border=\"0\" data-original-height=\"1620\" data-original-width=\"1620\" height=\"400\" src=\"https:\/\/ragazzepotenti.reggiani.link\/wp-content\/uploads\/2022\/08\/La-20verita-20delle-20cose-20negate-20copertina-300x300.png\" title=\"La verita' delle cose negate - Ilaria Parlanti\" width=\"400\" \/><\/a><\/div>\n<p>&nbsp;<b><u>La verita&#8217; delle cose negate, di Ilaria Parlanti<\/u><\/b><\/p>\n<div>\n<\/div>\n<div style=\"text-align: justify;\">Ho brevemente incontrato Ilaria Parlanti nell&#8217;ottobre dello scorso anno a Grosseto. Cercavo un libro da regalare ad una giovane adolescente, e mentre ancora oggi mi chiedo se la storia di Isabella, ortopedico pediatrico con un passato da paziente, e delle sue disabilit\u00e0 raccontate nelle pagine di questo libro con disincantato realismo, siano state la scelta giusta, sta di fatto che io non ho potuto decidere: fatto il primo passo all&#8217;interno della libreria, lo sguardo di Ilaria, appollaiata su uno sgabello e la sua schietta e diretta autopresentazione non mi hanno lasciato scampo. \u00c8 andata pi\u00f9 o meno cos\u00ec:<\/div>\n<p><span><\/span><span><a name='more'><\/a><\/span><\/p>\n<div style=\"text-align: justify;\"><\/div>\n<div style=\"text-align: justify;\">\n<div style=\"clear: both; text-align: center;\"><a href=\"https:\/\/ragazzepotenti.reggiani.link\/wp-content\/uploads\/2022\/08\/parlanti.png\" style=\"clear: right; float: right; margin-bottom: 1em; margin-left: 1em;\"><img loading=\"lazy\" decoding=\"async\" border=\"0\" data-original-height=\"200\" data-original-width=\"200\" height=\"320\" src=\"https:\/\/ragazzepotenti.reggiani.link\/wp-content\/uploads\/2022\/08\/parlanti.png\" width=\"320\" \/><\/a><\/div>\n<\/div>\n<div style=\"text-align: justify;\">&#8211; Buongiorno, io sono qui oggi per presentare il mio libro.<\/div>\n<div style=\"text-align: justify;\">&#8211; Buongiorno! Di cosa parla?<\/div>\n<div style=\"text-align: justify;\">&#8211; \u00c8 la storia di un giovane medico per la quale le difficolt\u00e0 dei primi anni di carriera sono aggravate dal fatto di curare bambini che soffrono per una grave patologia ortopedica che lei stessa ha dovuto affrontare in passato. \u00c8 una storia con un&#8217;ispirazione autobiografica, perch\u00e9&#8217; io stessa ho vissuto la medesima esperienza da piccola.<\/div>\n<div style=\"text-align: justify;\">&#8211; Oh&#8230; (momento di imbarazzo dato dall&#8217;evidente dicotomia palesatasi nella mia mente tra il vissuto della minuta ragazza che mi sta di fronte e quello della giovane studentessa per la quale cercavo il libro, risolto malamente con una domanda superficiale) &#8230;e come mai ha scelto un dipinto della Torre Eiffel per la copertina?<\/div>\n<div style=\"text-align: justify;\">\n<div style=\"clear: both; text-align: center;\"><a href=\"https:\/\/ragazzepotenti.reggiani.link\/wp-content\/uploads\/2022\/08\/dedica-20parlanti.png\" style=\"clear: left; float: left; margin-bottom: 1em; margin-right: 1em;\"><img loading=\"lazy\" decoding=\"async\" border=\"0\" data-original-height=\"2160\" data-original-width=\"2160\" height=\"320\" src=\"https:\/\/ragazzepotenti.reggiani.link\/wp-content\/uploads\/2022\/08\/dedica-20parlanti-300x300.png\" width=\"320\" \/><\/a><\/div>\n<p>&#8211; Perch\u00e9 \u00e8 a Parigi che si svolge buona parte del romanzo: \u00e8 la citt\u00e0 dove lavora la protagonista e dove anch&#8217;io sono stata ricoverata a lungo.<\/p><\/div>\n<div style=\"text-align: justify;\">Mentre mi rispondeva, avevo gi\u00e0 iniziato a rimpiangere la banalit\u00e0 del mio quesito.<\/div>\n<div style=\"text-align: justify;\">&#8211; Pu\u00f2 farmi una dedica? Ne prendo due.<\/div>\n<div style=\"text-align: justify;\"><\/div>\n<div style=\"text-align: justify;\">Tra queste pagine ho trovato sia esitazione che coraggio: dalle parole di Isabella, la protagonista, mi \u00e8 sembrato trasparisse lo sforzo fatto per mettere nero su bianco la sofferenza patita, per rivivere le lunghe giornate da giovane paziente; alla voce di Jack, padre di una ragazzina ricoverata, \u00e8 affidato invece il compito di descrivere quanto coraggio ci voglia per passare dal fare la guerra al proprio corpo alla decisione di guardarlo con ammirazione, perch\u00e9 non si pu\u00f2 ridurre &#8220;una vita di sacrifici e di coraggio ad un mero dato estetico&#8221;(cit.).<\/div>\n<div style=\"text-align: justify;\">\n<p><o:p><\/o:p><\/p>\n<\/div>\n<div style=\"text-align: justify;\">Ilaria ha firmato la sua dedica &#8220;con gratitudine&#8221;: in due parole si nasconde il senso di una ragazza alla quale tanto \u00e8 stato negato nella vita ma che dalla sofferenza si affranca, usa l&#8217;ostacolo per salirci sopra e guardare al futuro dall&#8217;alto, fiduciosa in quel che la attende. Rimane da sperare che a tutte le <i>ragazzepotenti <\/i>l\u00e0 fuori non manchi mai il senso di gratitudine per le opportunit\u00e0 offerte e non negate.<\/div>\n<div style=\"text-align: justify;\"><\/div>\n<div style=\"text-align: justify;\">Per saperne di pi\u00f9:<\/div>\n<div style=\"text-align: justify;\">\n<ul>\n<li>per acquistare il libro&nbsp;<a href=\"https:\/\/www.ibs.it\/verita-delle-cose-negate-libro-ilaria-parlanti\/e\/9788831301169\">https:\/\/www.ibs.it\/verita-delle-cose-negate-libro-ilaria-parlanti\/e\/9788831301169<\/a><\/li>\n<li>per seguire l&#8217;autrice sui social&nbsp;<a href=\"https:\/\/www.instagram.com\/ilaria_parlanti_scrive\/?hl=it\">https:\/\/www.instagram.com\/ilaria_parlanti_scrive\/?hl=it<\/a>&nbsp;per Instagram,&nbsp;<a href=\"https:\/\/it.linkedin.com\/in\/ilaria-parlanti-12b86b214\">https:\/\/it.linkedin.com\/in\/ilaria-parlanti-12b86b214<\/a> per Linkedin,&nbsp;<a href=\"https:\/\/www.facebook.com\/ilaria.parlanti.9\">https:\/\/www.facebook.com\/ilaria.parlanti.9<\/a> per Facebook<\/li>\n<li>sulla scoliosi in eta&#8217; pediatrica&nbsp;<a href=\"https:\/\/www.ospedalebambinogesu.it\/scoliosi-80342\/\">https:\/\/www.ospedalebambinogesu.it\/scoliosi-80342\/<\/a> e sull&#8217;intervento di artrodesi&nbsp;<a href=\"https:\/\/www.ospedalebambinogesu.it\/scoliosi-idiopatica-80343\/\">https:\/\/www.ospedalebambinogesu.it\/scoliosi-idiopatica-80343\/<\/a><\/li>\n<\/ul>\n<\/div>\n<div style=\"text-align: justify;\"><\/div>\n<div style=\"text-align: justify;\"><\/div>\n<div style=\"text-align: justify;\"><\/div>\n<div style=\"text-align: justify;\"><\/div>\n<div style=\"text-align: justify;\"><\/div>\n<div style=\"text-align: justify;\"><\/div>\n<div style=\"text-align: justify;\"><\/div>\n<div style=\"text-align: justify;\"><\/div>\n<div style=\"text-align: justify;\"><\/div>\n<div style=\"text-align: justify;\"><\/div>\n<div style=\"text-align: justify;\"><\/div>\n<div style=\"text-align: justify;\"><\/div>\n<div style=\"text-align: justify;\"><\/div>\n<div style=\"text-align: justify;\"><\/div>\n<div style=\"text-align: justify;\"><\/div>\n<div style=\"text-align: justify;\"><\/div>\n<div style=\"text-align: justify;\"><\/div>\n<div style=\"text-align: justify;\"><\/div>\n<div style=\"text-align: justify;\"><\/div>\n<div style=\"text-align: justify;\"><\/div>\n<div style=\"text-align: justify;\"><\/p>\n<div style=\"clear: both; text-align: center;\"><\/div>\n<p><\/div>\n<div><\/div>\n","protected":false},"excerpt":{"rendered":"<p>&nbsp;La verita&#8217; delle cose negate, di Ilaria Parlanti Ho brevemente incontrato Ilaria Parlanti nell&#8217;ottobre dello scorso anno a Grosseto. Cercavo un libro da regalare ad una giovane adolescente, e mentre ancora oggi mi chiedo se la storia di Isabella, ortopedico pediatrico con un passato da paziente, e delle sue disabilit\u00e0 raccontate nelle pagine di questo [&hellip;]<\/p>\n","protected":false},"author":1,"featured_media":38,"comment_status":"open","ping_status":"open","sticky":false,"template":"","format":"standard","meta":{"footnotes":""},"categories":[1],"tags":[],"class_list":["post-7","post","type-post","status-publish","format-standard","has-post-thumbnail","hentry","category-senza-categoria"],"_links":{"self":[{"href":"https:\/\/ragazzepotenti.reggiani.link\/index.php?rest_route=\/wp\/v2\/posts\/7","targetHints":{"allow":["GET"]}}],"collection":[{"href":"https:\/\/ragazzepotenti.reggiani.link\/index.php?rest_route=\/wp\/v2\/posts"}],"about":[{"href":"https:\/\/ragazzepotenti.reggiani.link\/index.php?rest_route=\/wp\/v2\/types\/post"}],"author":[{"embeddable":true,"href":"https:\/\/ragazzepotenti.reggiani.link\/index.php?rest_route=\/wp\/v2\/users\/1"}],"replies":[{"embeddable":true,"href":"https:\/\/ragazzepotenti.reggiani.link\/index.php?rest_route=%2Fwp%2Fv2%2Fcomments&post=7"}],"version-history":[{"count":1,"href":"https:\/\/ragazzepotenti.reggiani.link\/index.php?rest_route=\/wp\/v2\/posts\/7\/revisions"}],"predecessor-version":[{"id":41,"href":"https:\/\/ragazzepotenti.reggiani.link\/index.php?rest_route=\/wp\/v2\/posts\/7\/revisions\/41"}],"wp:featuredmedia":[{"embeddable":true,"href":"https:\/\/ragazzepotenti.reggiani.link\/index.php?rest_route=\/wp\/v2\/media\/38"}],"wp:attachment":[{"href":"https:\/\/ragazzepotenti.reggiani.link\/index.php?rest_route=%2Fwp%2Fv2%2Fmedia&parent=7"}],"wp:term":[{"taxonomy":"category","embeddable":true,"href":"https:\/\/ragazzepotenti.reggiani.link\/index.php?rest_route=%2Fwp%2Fv2%2Fcategories&post=7"},{"taxonomy":"post_tag","embeddable":true,"href":"https:\/\/ragazzepotenti.reggiani.link\/index.php?rest_route=%2Fwp%2Fv2%2Ftags&post=7"}],"curies":[{"name":"wp","href":"https:\/\/api.w.org\/{rel}","templated":true}]}}