{"id":8,"date":"2022-02-05T22:11:00","date_gmt":"2022-02-05T21:11:00","guid":{"rendered":""},"modified":"2023-01-29T22:22:39","modified_gmt":"2023-01-29T21:22:39","slug":"rosa-che-non-si-alzo","status":"publish","type":"post","link":"https:\/\/ragazzepotenti.reggiani.link\/?p=8","title":{"rendered":"ROSA, CHE NON SI ALZO&#8217;"},"content":{"rendered":"<div style=\"clear: both; text-align: center;\">\n<div style=\"clear: both; text-align: center;\"><a href=\"https:\/\/blogger.googleusercontent.com\/img\/a\/AVvXsEgwRt44KBGLRc0z8qfrv361sicyPMUgXJV5dugo8FlW6weZbVG7Qz9M8Df37eq8nMwt3WVGK7Nt5B6-h1jDC-flyoCcMWdNwVY6ptyztBcab4prHMVcQ7hSdjW-l5kL3izsttiaWFRvDPmSd-6oHfFmOvRdDWSC57XLA60uVAq7o0zNLgEdxzWYvPg_=s1000\" style=\"margin-left: 1em; margin-right: 1em;\"><img loading=\"lazy\" decoding=\"async\" alt=\"Rosa Parks il giorno del suo arresto, 1 dicembre 1955\" border=\"0\" data-original-height=\"750\" data-original-width=\"1000\" height=\"480\" src=\"https:\/\/blogger.googleusercontent.com\/img\/a\/AVvXsEgwRt44KBGLRc0z8qfrv361sicyPMUgXJV5dugo8FlW6weZbVG7Qz9M8Df37eq8nMwt3WVGK7Nt5B6-h1jDC-flyoCcMWdNwVY6ptyztBcab4prHMVcQ7hSdjW-l5kL3izsttiaWFRvDPmSd-6oHfFmOvRdDWSC57XLA60uVAq7o0zNLgEdxzWYvPg_=w640-h480\" title=\"Rosa Parks il giorno del suo arresto, 1 dicembre 1955\" width=\"640\"><\/a><\/div>\n<div style=\"clear: both; text-align: center;\"><\/div>\n<div style=\"clear: both; text-align: center;\"><a href=\"https:\/\/blogger.googleusercontent.com\/img\/a\/AVvXsEjMh7gfv_iBCMYS8JNApWCHKnj3nG9ifG84TibcYJjwqBujyZw9R_Rg_gMTln59COYyVfKL_e-FFsi6LX9pS53JSLnKwc84aRr-rgeQ0U-ckeQex0x0cuPp3qxp1hy1imw8wOwkCbrVuyhP1CHXVQfBDLZn7zHrIzuc0iHRfB4KVMg_X8RheIQMYNH-=s87\" style=\"clear: right; float: right; margin-bottom: 1em; margin-left: 1em;\"><img loading=\"lazy\" decoding=\"async\" border=\"0\" data-original-height=\"28\" data-original-width=\"87\" height=\"28\" src=\"https:\/\/blogger.googleusercontent.com\/img\/a\/AVvXsEjMh7gfv_iBCMYS8JNApWCHKnj3nG9ifG84TibcYJjwqBujyZw9R_Rg_gMTln59COYyVfKL_e-FFsi6LX9pS53JSLnKwc84aRr-rgeQ0U-ckeQex0x0cuPp3qxp1hy1imw8wOwkCbrVuyhP1CHXVQfBDLZn7zHrIzuc0iHRfB4KVMg_X8RheIQMYNH-\" width=\"87\"><\/a><\/div>\n<div style=\"clear: both; text-align: center;\"><\/div>\n<div style=\"text-align: justify;\"><b><u>In questo giorno del 1913 nasceva a Tuskegee, Alabama, una figura simbolica per il movimento per i diritti civili nedli Stati Uniti: Rosa Parks.&nbsp;<\/u><\/b><\/div>\n<div style=\"text-align: justify;\"><b><u><br \/>\n<\/u><\/b><\/div>\n<div style=\"text-align: justify;\"><b><u><br \/>\n<\/u><\/b><\/div>\n<div style=\"clear: both; text-align: justify;\">Trasferitasi nella capitale Montgomery dopo la separazione dei genitori, Rosa cresce negli anni delle &#8220;leggi di Jim Crow&#8221;: ai bianchi e ai neri vengono riconosciuti diritti diversi nell&#8217;accesso ai luoghi pubblici e agli esercizi commerciali in diversi Stati della federazione. Questo significa che veniva loro impedito o limitato l&#8217;accesso a scuole, uffici, mezzi di trasporto, servizi igienici pubblici e negozi.<\/div>\n<div style=\"clear: both; text-align: justify;\"><\/div>\n<div style=\"clear: both; text-align: justify;\">A vent&#8217;anni il marito la incoraggia a prendere il diploma di scuola superiore, che aveva dovuto abbandonare quattro anni prima per occuparsi della nonna e poi della madre, inferme. I quegli anni solo il 7% degli afroamericani portava a termine le scuole. Insieme diventano membri attivi del <a href=\"https:\/\/en.wikipedia.org\/wiki\/NAACP\" rel=\"nofollow noopener\" target=\"_blank\">NACCP <\/a>(National Association for the Advancement of Colored People) e seguono i numerosi casi di violenze, stupri e omicidi in cui le vittime erano persone di colore. L&#8217;estate del 1955 \u00e8 funestata dall&#8217;omicidio del piccolo <a href=\"https:\/\/en.wikipedia.org\/wiki\/Emmett_Till\" rel=\"nofollow noopener\" target=\"_blank\">Emmett Till<\/a>.&nbsp;<\/div>\n<div style=\"clear: both; text-align: justify;\"><\/div>\n<div style=\"clear: both; text-align: justify;\">\n<div style=\"clear: both; text-align: center;\"><a href=\"https:\/\/blogger.googleusercontent.com\/img\/a\/AVvXsEjHwf0iK8HY_8nvL7Kr-5pt8xcHWOeSKNqZTlocQsjPjd8T1n7OL1CdAkDyo3QYCoGpY_VTYc996cNSVL50qPBa3PPVSoyfycDEsfH7ZZAq4xTA4W8zVi2uRHjeVu2ouGCagQeNUURgbh_BfsuXQIetsE3nJnQJr0p268guIrPH2g4S_OYST7EAkyYP=s1210\" style=\"clear: left; float: left; margin-bottom: 1em; margin-right: 1em;\"><img loading=\"lazy\" decoding=\"async\" alt=\"Rosa Parks\" border=\"0\" data-original-height=\"680\" data-original-width=\"1210\" height=\"180\" src=\"https:\/\/blogger.googleusercontent.com\/img\/a\/AVvXsEjHwf0iK8HY_8nvL7Kr-5pt8xcHWOeSKNqZTlocQsjPjd8T1n7OL1CdAkDyo3QYCoGpY_VTYc996cNSVL50qPBa3PPVSoyfycDEsfH7ZZAq4xTA4W8zVi2uRHjeVu2ouGCagQeNUURgbh_BfsuXQIetsE3nJnQJr0p268guIrPH2g4S_OYST7EAkyYP=w320-h180\" title=\"Rosa Parks\" width=\"320\"><\/a><\/div>\n<p>Meno di quattro mesi dopo, Rosa, al ritorno dalla sua giornata di lavoro come sarta in un grande magazzino, prende una decisione che cambier\u00e0 la storia della lotta per i diritti civili degli afroamericani. Secondo la legge, negli autobus dell&#8217;Alabama i neri potevano occupare le file in fondo al mezzo e quelle centrali solo se nessun bianco ne aveva bisogno e comunque non di fianco a loro. Quando l&#8217;autista le disse di spostarsi perch\u00e9 nuovi passeggeri bianchi avevano diritto al posto da lei occupato, Parks disse di no, rifiutandosi di alzarsi. Venne chiamata la polizia che la arrest\u00f2 per la violazione delle leggi di segregazione dello stato.<\/p>\n<\/div>\n<div style=\"clear: both; text-align: justify;\"><\/div>\n<div style=\"clear: both; text-align: justify;\">\n<div style=\"clear: both; text-align: center;\"><a href=\"https:\/\/blogger.googleusercontent.com\/img\/a\/AVvXsEgqnpfnU8CkQBmcj1cb8wyn_LK_3uwY-ao5r8ibCzuUM0EQ6Jg6t5fi9tt-ywZ-3Ze3K-BBseShgaSiPsYavLLb4rrGWf0QhePTzQykF5WpTvxGHMFgalCbZlnY-NvO47YtbaSYTKMaZkIr4-vpyPq0s1_joKsVtSnLk7JlMLiNSdyGpkQvwgmIfieX=s2500\" style=\"clear: right; float: right; margin-bottom: 1em; margin-left: 1em;\"><img loading=\"lazy\" decoding=\"async\" alt=\"Targa commemorativa del bus boycott a Montgomery\" border=\"0\" data-original-height=\"1641\" data-original-width=\"2500\" height=\"210\" src=\"https:\/\/blogger.googleusercontent.com\/img\/a\/AVvXsEgqnpfnU8CkQBmcj1cb8wyn_LK_3uwY-ao5r8ibCzuUM0EQ6Jg6t5fi9tt-ywZ-3Ze3K-BBseShgaSiPsYavLLb4rrGWf0QhePTzQykF5WpTvxGHMFgalCbZlnY-NvO47YtbaSYTKMaZkIr4-vpyPq0s1_joKsVtSnLk7JlMLiNSdyGpkQvwgmIfieX=w320-h210\" title=\"Targa commemorativa del bus boycott a Montgomery\" width=\"320\"><\/a><\/div>\n<p>Il suo arresto diede inizio al <i>bus boycott<\/i>: per 381 giorni gli afroamericani si rifiutarono in massa di salire sugli autobus , organizzandosi per andare al lavoro a piedi o condividendo passaggi in auto. Visto che essi rappresentavano il 75% dell&#8217;utenza, il danno alle casse della citt\u00e0 fu ingente. La protesta termin\u00f2 solo quando la Corte Suprema dichiar\u00f2 la segregazione sui mezzi pubblici incostituzionale.<\/p>\n<\/div>\n<div style=\"clear: both; text-align: justify;\">Rosa Parks continu\u00f2 il suo pubblico impegno per i diritti civili fino al giorno della sua morte a 92 anni, nel 2005. Dopo il funerale a Montgomery la salma fu portata alla sede del Congresso a Washington per ricevere gli onori di Stato. Alcuni anni prima, durante un&#8217;intervista, Rosa Parks aveva dichiarato il giorno dell&#8217;arresto non si era rifiutata di cambiare posto perch\u00e9 si sentiva pi\u00f9 stanca di altre volte, ma piuttosto perch\u00e9 si sentiva stanca di arrendersi.&#8221;<\/div>\n<\/div>\n<p>&nbsp;<\/p>\n<div style=\"clear: both; text-align: center;\"><a href=\"https:\/\/blogger.googleusercontent.com\/img\/a\/AVvXsEhjnKfpBlbASg6zkQpjsvr9pUK7GzEDwAbWPOB072zjhRS6xRHrvoG6dRI5CW_nwS9SHzIRiMoTiKim0k7vksVnlMmeP4RcEvM5ZEDvHABm6BEyH0OgVVIzWJLcmzn_1ln4eB2FCesG9d5jU14A2qqdEokFvvY0fwwT0kEkrqQxEgiws252Jmct7wTH=s900\" style=\"margin-left: 1em; margin-right: 1em;\"><img loading=\"lazy\" decoding=\"async\" alt=\"La folla rende omaggio alla salma di Rosa Parks al Capitol Hill a Washington\" border=\"0\" data-original-height=\"675\" data-original-width=\"900\" height=\"480\" src=\"https:\/\/blogger.googleusercontent.com\/img\/a\/AVvXsEhjnKfpBlbASg6zkQpjsvr9pUK7GzEDwAbWPOB072zjhRS6xRHrvoG6dRI5CW_nwS9SHzIRiMoTiKim0k7vksVnlMmeP4RcEvM5ZEDvHABm6BEyH0OgVVIzWJLcmzn_1ln4eB2FCesG9d5jU14A2qqdEokFvvY0fwwT0kEkrqQxEgiws252Jmct7wTH=w640-h480\" title=\"La folla rende omaggio alla salma di Rosa Parks al Capitol Hill a Washington\" width=\"640\"><\/a><\/div>\n<div>Per saperne di pi\u00f9:<\/div>\n<div>\n<ul style=\"text-align: left;\">\n<li>\n<div style=\"clear: both; text-align: center;\"><a href=\"https:\/\/blogger.googleusercontent.com\/img\/a\/AVvXsEiNL84TKGSBMb8xFOPwgKqidMy7X7QgIsvW6nLwZtcCqnuOMwBWYEfVD86xfHjVD_6REXY2velrtCfLGvccYHqmjfPv60sYpqvjVJTgOlWWzpVJH_8XJ_MlisNORasMSqt1Rxu3V4pCrz_Z712PzVGEP1ogJa0r6JudvI4AJMoIOo4umaMUXZyTPfqj=s531\" style=\"clear: right; float: right; margin-bottom: 1em; margin-left: 1em;\"><img loading=\"lazy\" decoding=\"async\" alt=\"Barbie Rosa Parks\" border=\"0\" data-original-height=\"531\" data-original-width=\"522\" height=\"200\" src=\"https:\/\/blogger.googleusercontent.com\/img\/a\/AVvXsEiNL84TKGSBMb8xFOPwgKqidMy7X7QgIsvW6nLwZtcCqnuOMwBWYEfVD86xfHjVD_6REXY2velrtCfLGvccYHqmjfPv60sYpqvjVJTgOlWWzpVJH_8XJ_MlisNORasMSqt1Rxu3V4pCrz_Z712PzVGEP1ogJa0r6JudvI4AJMoIOo4umaMUXZyTPfqj=w197-h200\" width=\"197\"><\/a><\/div>\n<div style=\"text-align: right;\"><\/div>\n<p>nel 2019 la Mattel ha messo in commercio la Barbie Rosa Parks per la serie delle &#8220;Donne Ispiratrici&#8221;<\/li>\n<li>nel 2002 Parks \u00e8 interpretata da Angela Basset nel film <a href=\"https:\/\/movieplayer.it\/film\/the-rosa-parks-story_19782\/\" rel=\"nofollow noopener\" target=\"_blank\">&#8220;The Rosa Park Story&#8221;<\/a><\/li>\n<li>nel 1999 il presidente Clinton le consegna la Medaglia d&#8217;Onore del Congresso<\/li>\n<li>oltre a numerose stazioni, strade e piazze negli USA, le \u00e8 anche intitolata una fermata della metropolitana di Parigi<\/li>\n<\/ul>\n<\/div>\n<div><\/div>\n<div><\/div>\n<div><\/div>\n<div><\/div>\n<div><\/div>\n<div><\/div>\n<div><\/div>\n<div><\/div>\n<div><\/div>\n<div><\/div>\n<div><\/div>\n<div><\/div>\n<div><\/div>\n<div><\/div>\n<div><\/div>\n<div><\/div>\n","protected":false},"excerpt":{"rendered":"<p>In questo giorno del 1913 nasceva a Tuskegee, Alabama, una figura simbolica per il movimento per i diritti civili nedli Stati Uniti: Rosa Parks.&nbsp; Trasferitasi nella capitale Montgomery dopo la separazione dei genitori, Rosa cresce negli anni delle &#8220;leggi di Jim Crow&#8221;: ai bianchi e ai neri vengono riconosciuti diritti diversi nell&#8217;accesso ai luoghi pubblici [&hellip;]<\/p>\n","protected":false},"author":1,"featured_media":146,"comment_status":"open","ping_status":"open","sticky":false,"template":"","format":"standard","meta":{"footnotes":""},"categories":[1],"tags":[],"class_list":["post-8","post","type-post","status-publish","format-standard","has-post-thumbnail","hentry","category-senza-categoria"],"_links":{"self":[{"href":"https:\/\/ragazzepotenti.reggiani.link\/index.php?rest_route=\/wp\/v2\/posts\/8","targetHints":{"allow":["GET"]}}],"collection":[{"href":"https:\/\/ragazzepotenti.reggiani.link\/index.php?rest_route=\/wp\/v2\/posts"}],"about":[{"href":"https:\/\/ragazzepotenti.reggiani.link\/index.php?rest_route=\/wp\/v2\/types\/post"}],"author":[{"embeddable":true,"href":"https:\/\/ragazzepotenti.reggiani.link\/index.php?rest_route=\/wp\/v2\/users\/1"}],"replies":[{"embeddable":true,"href":"https:\/\/ragazzepotenti.reggiani.link\/index.php?rest_route=%2Fwp%2Fv2%2Fcomments&post=8"}],"version-history":[{"count":3,"href":"https:\/\/ragazzepotenti.reggiani.link\/index.php?rest_route=\/wp\/v2\/posts\/8\/revisions"}],"predecessor-version":[{"id":147,"href":"https:\/\/ragazzepotenti.reggiani.link\/index.php?rest_route=\/wp\/v2\/posts\/8\/revisions\/147"}],"wp:featuredmedia":[{"embeddable":true,"href":"https:\/\/ragazzepotenti.reggiani.link\/index.php?rest_route=\/wp\/v2\/media\/146"}],"wp:attachment":[{"href":"https:\/\/ragazzepotenti.reggiani.link\/index.php?rest_route=%2Fwp%2Fv2%2Fmedia&parent=8"}],"wp:term":[{"taxonomy":"category","embeddable":true,"href":"https:\/\/ragazzepotenti.reggiani.link\/index.php?rest_route=%2Fwp%2Fv2%2Fcategories&post=8"},{"taxonomy":"post_tag","embeddable":true,"href":"https:\/\/ragazzepotenti.reggiani.link\/index.php?rest_route=%2Fwp%2Fv2%2Ftags&post=8"}],"curies":[{"name":"wp","href":"https:\/\/api.w.org\/{rel}","templated":true}]}}